{"id":7958,"date":"2026-04-30T11:11:36","date_gmt":"2026-04-30T09:11:36","guid":{"rendered":"https:\/\/tranviascoruna.com\/?p=7958"},"modified":"2026-04-30T12:08:16","modified_gmt":"2026-04-30T10:08:16","slug":"a-lina-11-recupera-o-seu-itinerario-habitual","status":"publish","type":"post","link":"https:\/\/tranviascoruna.com\/gl\/a-lina-11-recupera-o-seu-itinerario-habitual\/","title":{"rendered":"A li\u00f1a 11 recupera o seu itinerario habitual"},"content":{"rendered":"\t\t<div data-elementor-type=\"wp-post\" data-elementor-id=\"7958\" class=\"elementor elementor-7958 elementor-7949\" data-elementor-post-type=\"post\">\n\t\t\t\t\t\t<section class=\"elementor-section elementor-top-section elementor-element elementor-element-83a8403 elementor-section-boxed elementor-section-height-default elementor-section-height-default\" data-id=\"83a8403\" data-element_type=\"section\" data-e-type=\"section\">\n\t\t\t\t\t\t<div class=\"elementor-container elementor-column-gap-default\">\n\t\t\t\t\t<div class=\"elementor-column elementor-col-100 elementor-top-column elementor-element elementor-element-6fd2857\" data-id=\"6fd2857\" data-element_type=\"column\" data-e-type=\"column\">\n\t\t\t<div class=\"elementor-widget-wrap elementor-element-populated\">\n\t\t\t\t\t\t<div class=\"elementor-element elementor-element-42cb26a elementor-widget elementor-widget-text-editor\" data-id=\"42cb26a\" data-element_type=\"widget\" data-e-type=\"widget\" data-widget_type=\"text-editor.default\">\n\t\t\t\t<div class=\"elementor-widget-container\">\n\t\t\t\t\t\t\t\t\t<p><span class=\"a_GcMg font-feature-liga-off font-feature-clig-off font-feature-calt-off text-decoration-none text-strikethrough-none\">A partir do 1 de maio, <\/span><span class=\"a_GcMg font-feature-liga-off font-feature-clig-off font-feature-calt-off text-strikethrough-none text-decoration-underline\">a li\u00f1a 11 recupera o seu itinerario habitua<\/span><span class=\"a_GcMg font-feature-liga-off font-feature-clig-off font-feature-calt-off text-strikethrough-none text-decoration-none\">l pola Avenida dos Mallos, con motivo da finalizaci\u00f3n das obras. <\/span><\/p>\n<p><span class=\"a_GcMg font-feature-liga-off font-feature-clig-off font-feature-calt-off text-strikethrough-none text-decoration-none\">A parada provisional de Av. de Arteixo 74 quedar\u00e1 por tanto sen servizo.<\/span><\/p>\t\t\t\t\t\t\t\t<\/div>\n\t\t\t\t<\/div>\n\t\t\t\t\t<\/div>\n\t\t<\/div>\n\t\t\t\t\t<\/div>\n\t\t<\/section>\n\t\t\t\t<\/div>\n\t\t","protected":false},"excerpt":{"rendered":"<p>A partir do 1 de maio, a li\u00f1a 11 recupera o seu itinerario habitual pola Avenida dos Mallos, con motivo da finalizaci\u00f3n das obras. A parada provisional de Av. de Arteixo 74 quedar\u00e1 por tanto sen servizo.<\/p>\n","protected":false},"author":14,"featured_media":7968,"comment_status":"open","ping_status":"closed","sticky":false,"template":"","format":"standard","meta":{"_acf_changed":false,"footnotes":"","_wpscp_schedule_draft_date":"","_wpscp_schedule_republish_date":"","_wpscppro_advance_schedule":false,"_wpscppro_advance_schedule_date":"","_wpscppro_dont_share_socialmedia":false,"_wpscppro_custom_social_share_image":0,"_facebook_share_type":"default","_twitter_share_type":"default","_linkedin_share_type":"default","_pinterest_share_type":"default","_linkedin_share_type_page":"","_instagram_share_type":"default","_medium_share_type":"default","_threads_share_type":"default","_google_business_share_type":"default","_selected_social_profile":[],"_wpsp_enable_custom_social_template":false,"_wpsp_social_scheduling":{"enabled":false,"datetime":null,"platforms":[],"status":"template_only","dateOption":"today","timeOption":"now","customDays":"","customHours":"","customDate":"","customTime":"","schedulingType":"absolute"},"_wpsp_active_default_template":true},"categories":[20],"tags":[],"class_list":["post-7958","post","type-post","status-publish","format-standard","has-post-thumbnail","hentry","category-uncategorized-gl"],"acf":[],"yoast_head":"<!-- This site is optimized with the Yoast SEO plugin v27.1 - https:\/\/yoast.com\/product\/yoast-seo-wordpress\/ -->\n<title>A li\u00f1a 11 recupera o seu itinerario habitual - Compa\u00f1\u00eda de Tranv\u00edas de La Coru\u00f1a<\/title>\n<meta name=\"robots\" content=\"index, follow, max-snippet:-1, max-image-preview:large, max-video-preview:-1\" \/>\n<link rel=\"canonical\" href=\"https:\/\/tranviascoruna.com\/gl\/a-lina-11-recupera-o-seu-itinerario-habitual\/\" \/>\n<meta property=\"og:locale\" content=\"gl_ES\" \/>\n<meta property=\"og:type\" content=\"article\" \/>\n<meta property=\"og:title\" content=\"A li\u00f1a 11 recupera o seu itinerario habitual - Compa\u00f1\u00eda de Tranv\u00edas de La Coru\u00f1a\" \/>\n<meta property=\"og:description\" content=\"A partir do 1 de maio, a li\u00f1a 11 recupera o seu itinerario habitual pola Avenida dos Mallos, con motivo da finalizaci\u00f3n das obras. A parada provisional de Av. de Arteixo 74 quedar\u00e1 por tanto sen servizo.\" \/>\n<meta property=\"og:url\" content=\"https:\/\/tranviascoruna.com\/gl\/a-lina-11-recupera-o-seu-itinerario-habitual\/\" \/>\n<meta property=\"og:site_name\" content=\"Compa\u00f1\u00eda de Tranv\u00edas de La Coru\u00f1a\" \/>\n<meta property=\"article:published_time\" content=\"2026-04-30T09:11:36+00:00\" \/>\n<meta property=\"article:modified_time\" content=\"2026-04-30T10:08:16+00:00\" \/>\n<meta property=\"og:image\" content=\"https:\/\/tranviascoruna.com\/wp-content\/uploads\/2026\/04\/LINA-11-2.png\" \/>\n\t<meta property=\"og:image:width\" content=\"1366\" \/>\n\t<meta property=\"og:image:height\" content=\"768\" \/>\n\t<meta property=\"og:image:type\" content=\"image\/png\" \/>\n<meta name=\"author\" content=\"Isaac Prada\" \/>\n<meta name=\"twitter:card\" content=\"summary_large_image\" \/>\n<meta name=\"twitter:label1\" content=\"Escrito por\" \/>\n\t<meta name=\"twitter:data1\" content=\"Isaac Prada\" \/>\n\t<meta name=\"twitter:label2\" content=\"Tempo de lectura\" \/>\n\t<meta name=\"twitter:data2\" content=\"1 minute\" \/>\n<script type=\"application\/ld+json\" class=\"yoast-schema-graph\">{\"@context\":\"https:\/\/schema.org\",\"@graph\":[{\"@type\":\"Article\",\"@id\":\"https:\/\/tranviascoruna.com\/gl\/a-lina-11-recupera-o-seu-itinerario-habitual\/#article\",\"isPartOf\":{\"@id\":\"https:\/\/tranviascoruna.com\/gl\/a-lina-11-recupera-o-seu-itinerario-habitual\/\"},\"author\":{\"name\":\"Isaac Prada\",\"@id\":\"https:\/\/tranviascoruna.com\/#\/schema\/person\/35b8ef8f083e2f067f7e142da0ee1a7c\"},\"headline\":\"A li\u00f1a 11 recupera o seu itinerario habitual\",\"datePublished\":\"2026-04-30T09:11:36+00:00\",\"dateModified\":\"2026-04-30T10:08:16+00:00\",\"mainEntityOfPage\":{\"@id\":\"https:\/\/tranviascoruna.com\/gl\/a-lina-11-recupera-o-seu-itinerario-habitual\/\"},\"wordCount\":44,\"commentCount\":0,\"publisher\":{\"@id\":\"https:\/\/tranviascoruna.com\/#organization\"},\"image\":{\"@id\":\"https:\/\/tranviascoruna.com\/gl\/a-lina-11-recupera-o-seu-itinerario-habitual\/#primaryimage\"},\"thumbnailUrl\":\"https:\/\/tranviascoruna.com\/wp-content\/uploads\/2026\/04\/LINA-11-2.png\",\"articleSection\":[\"Uncategorized @gl\"],\"inLanguage\":\"gl-ES\",\"potentialAction\":[{\"@type\":\"CommentAction\",\"name\":\"Comment\",\"target\":[\"https:\/\/tranviascoruna.com\/gl\/a-lina-11-recupera-o-seu-itinerario-habitual\/#respond\"]}]},{\"@type\":\"WebPage\",\"@id\":\"https:\/\/tranviascoruna.com\/gl\/a-lina-11-recupera-o-seu-itinerario-habitual\/\",\"url\":\"https:\/\/tranviascoruna.com\/gl\/a-lina-11-recupera-o-seu-itinerario-habitual\/\",\"name\":\"A li\u00f1a 11 recupera o seu itinerario habitual - Compa\u00f1\u00eda de Tranv\u00edas de La Coru\u00f1a\",\"isPartOf\":{\"@id\":\"https:\/\/tranviascoruna.com\/#website\"},\"primaryImageOfPage\":{\"@id\":\"https:\/\/tranviascoruna.com\/gl\/a-lina-11-recupera-o-seu-itinerario-habitual\/#primaryimage\"},\"image\":{\"@id\":\"https:\/\/tranviascoruna.com\/gl\/a-lina-11-recupera-o-seu-itinerario-habitual\/#primaryimage\"},\"thumbnailUrl\":\"https:\/\/tranviascoruna.com\/wp-content\/uploads\/2026\/04\/LINA-11-2.png\",\"datePublished\":\"2026-04-30T09:11:36+00:00\",\"dateModified\":\"2026-04-30T10:08:16+00:00\",\"breadcrumb\":{\"@id\":\"https:\/\/tranviascoruna.com\/gl\/a-lina-11-recupera-o-seu-itinerario-habitual\/#breadcrumb\"},\"inLanguage\":\"gl-ES\",\"potentialAction\":[{\"@type\":\"ReadAction\",\"target\":[\"https:\/\/tranviascoruna.com\/gl\/a-lina-11-recupera-o-seu-itinerario-habitual\/\"]}]},{\"@type\":\"ImageObject\",\"inLanguage\":\"gl-ES\",\"@id\":\"https:\/\/tranviascoruna.com\/gl\/a-lina-11-recupera-o-seu-itinerario-habitual\/#primaryimage\",\"url\":\"https:\/\/tranviascoruna.com\/wp-content\/uploads\/2026\/04\/LINA-11-2.png\",\"contentUrl\":\"https:\/\/tranviascoruna.com\/wp-content\/uploads\/2026\/04\/LINA-11-2.png\",\"width\":1366,\"height\":768},{\"@type\":\"BreadcrumbList\",\"@id\":\"https:\/\/tranviascoruna.com\/gl\/a-lina-11-recupera-o-seu-itinerario-habitual\/#breadcrumb\",\"itemListElement\":[{\"@type\":\"ListItem\",\"position\":1,\"name\":\"Home\",\"item\":\"https:\/\/tranviascoruna.com\/\"},{\"@type\":\"ListItem\",\"position\":2,\"name\":\"A li\u00f1a 11 recupera o seu itinerario habitual\"}]},{\"@type\":\"WebSite\",\"@id\":\"https:\/\/tranviascoruna.com\/#website\",\"url\":\"https:\/\/tranviascoruna.com\/\",\"name\":\"Compa\u00f1\u00eda de Tranv\u00edas de La Coru\u00f1a\",\"description\":\"Compa\u00f1\u00eda de Tranv\u00edas de La Coru\u00f1a\",\"publisher\":{\"@id\":\"https:\/\/tranviascoruna.com\/#organization\"},\"potentialAction\":[{\"@type\":\"SearchAction\",\"target\":{\"@type\":\"EntryPoint\",\"urlTemplate\":\"https:\/\/tranviascoruna.com\/?s={search_term_string}\"},\"query-input\":{\"@type\":\"PropertyValueSpecification\",\"valueRequired\":true,\"valueName\":\"search_term_string\"}}],\"inLanguage\":\"gl-ES\"},{\"@type\":\"Organization\",\"@id\":\"https:\/\/tranviascoruna.com\/#organization\",\"name\":\"Compa\u00f1\u00eda de Tranv\u00edas de La Coru\u00f1a\",\"url\":\"https:\/\/tranviascoruna.com\/\",\"logo\":{\"@type\":\"ImageObject\",\"inLanguage\":\"gl-ES\",\"@id\":\"https:\/\/tranviascoruna.com\/#\/schema\/logo\/image\/\",\"url\":\"https:\/\/tranviascoruna.com\/wp-content\/uploads\/2021\/12\/Componente-50-\u2013-5.png\",\"contentUrl\":\"https:\/\/tranviascoruna.com\/wp-content\/uploads\/2021\/12\/Componente-50-\u2013-5.png\",\"width\":115,\"height\":116,\"caption\":\"Compa\u00f1\u00eda de Tranv\u00edas de La Coru\u00f1a\"},\"image\":{\"@id\":\"https:\/\/tranviascoruna.com\/#\/schema\/logo\/image\/\"}},{\"@type\":\"Person\",\"@id\":\"https:\/\/tranviascoruna.com\/#\/schema\/person\/35b8ef8f083e2f067f7e142da0ee1a7c\",\"name\":\"Isaac Prada\",\"image\":{\"@type\":\"ImageObject\",\"inLanguage\":\"gl-ES\",\"@id\":\"https:\/\/tranviascoruna.com\/#\/schema\/person\/image\/\",\"url\":\"https:\/\/secure.gravatar.com\/avatar\/0c199893647a267838f9e6ef53307c229ab304869f6f5f6e98b7e520f6b51369?s=96&d=mm&r=g\",\"contentUrl\":\"https:\/\/secure.gravatar.com\/avatar\/0c199893647a267838f9e6ef53307c229ab304869f6f5f6e98b7e520f6b51369?s=96&d=mm&r=g\",\"caption\":\"Isaac Prada\"},\"url\":\"https:\/\/tranviascoruna.com\/gl\/author\/iprada2\/\"}]}<\/script>\n<!-- \/ Yoast SEO plugin. -->","yoast_head_json":{"title":"A li\u00f1a 11 recupera o seu itinerario habitual - Compa\u00f1\u00eda de Tranv\u00edas de La Coru\u00f1a","robots":{"index":"index","follow":"follow","max-snippet":"max-snippet:-1","max-image-preview":"max-image-preview:large","max-video-preview":"max-video-preview:-1"},"canonical":"https:\/\/tranviascoruna.com\/gl\/a-lina-11-recupera-o-seu-itinerario-habitual\/","og_locale":"gl_ES","og_type":"article","og_title":"A li\u00f1a 11 recupera o seu itinerario habitual - Compa\u00f1\u00eda de Tranv\u00edas de La Coru\u00f1a","og_description":"A partir do 1 de maio, a li\u00f1a 11 recupera o seu itinerario habitual pola Avenida dos Mallos, con motivo da finalizaci\u00f3n das obras. A parada provisional de Av. de Arteixo 74 quedar\u00e1 por tanto sen servizo.","og_url":"https:\/\/tranviascoruna.com\/gl\/a-lina-11-recupera-o-seu-itinerario-habitual\/","og_site_name":"Compa\u00f1\u00eda de Tranv\u00edas de La Coru\u00f1a","article_published_time":"2026-04-30T09:11:36+00:00","article_modified_time":"2026-04-30T10:08:16+00:00","og_image":[{"width":1366,"height":768,"url":"https:\/\/tranviascoruna.com\/wp-content\/uploads\/2026\/04\/LINA-11-2.png","type":"image\/png"}],"author":"Isaac Prada","twitter_card":"summary_large_image","twitter_misc":{"Escrito por":"Isaac Prada","Tempo de lectura":"1 minute"},"schema":{"@context":"https:\/\/schema.org","@graph":[{"@type":"Article","@id":"https:\/\/tranviascoruna.com\/gl\/a-lina-11-recupera-o-seu-itinerario-habitual\/#article","isPartOf":{"@id":"https:\/\/tranviascoruna.com\/gl\/a-lina-11-recupera-o-seu-itinerario-habitual\/"},"author":{"name":"Isaac Prada","@id":"https:\/\/tranviascoruna.com\/#\/schema\/person\/35b8ef8f083e2f067f7e142da0ee1a7c"},"headline":"A li\u00f1a 11 recupera o seu itinerario habitual","datePublished":"2026-04-30T09:11:36+00:00","dateModified":"2026-04-30T10:08:16+00:00","mainEntityOfPage":{"@id":"https:\/\/tranviascoruna.com\/gl\/a-lina-11-recupera-o-seu-itinerario-habitual\/"},"wordCount":44,"commentCount":0,"publisher":{"@id":"https:\/\/tranviascoruna.com\/#organization"},"image":{"@id":"https:\/\/tranviascoruna.com\/gl\/a-lina-11-recupera-o-seu-itinerario-habitual\/#primaryimage"},"thumbnailUrl":"https:\/\/tranviascoruna.com\/wp-content\/uploads\/2026\/04\/LINA-11-2.png","articleSection":["Uncategorized @gl"],"inLanguage":"gl-ES","potentialAction":[{"@type":"CommentAction","name":"Comment","target":["https:\/\/tranviascoruna.com\/gl\/a-lina-11-recupera-o-seu-itinerario-habitual\/#respond"]}]},{"@type":"WebPage","@id":"https:\/\/tranviascoruna.com\/gl\/a-lina-11-recupera-o-seu-itinerario-habitual\/","url":"https:\/\/tranviascoruna.com\/gl\/a-lina-11-recupera-o-seu-itinerario-habitual\/","name":"A li\u00f1a 11 recupera o seu itinerario habitual - Compa\u00f1\u00eda de Tranv\u00edas de La Coru\u00f1a","isPartOf":{"@id":"https:\/\/tranviascoruna.com\/#website"},"primaryImageOfPage":{"@id":"https:\/\/tranviascoruna.com\/gl\/a-lina-11-recupera-o-seu-itinerario-habitual\/#primaryimage"},"image":{"@id":"https:\/\/tranviascoruna.com\/gl\/a-lina-11-recupera-o-seu-itinerario-habitual\/#primaryimage"},"thumbnailUrl":"https:\/\/tranviascoruna.com\/wp-content\/uploads\/2026\/04\/LINA-11-2.png","datePublished":"2026-04-30T09:11:36+00:00","dateModified":"2026-04-30T10:08:16+00:00","breadcrumb":{"@id":"https:\/\/tranviascoruna.com\/gl\/a-lina-11-recupera-o-seu-itinerario-habitual\/#breadcrumb"},"inLanguage":"gl-ES","potentialAction":[{"@type":"ReadAction","target":["https:\/\/tranviascoruna.com\/gl\/a-lina-11-recupera-o-seu-itinerario-habitual\/"]}]},{"@type":"ImageObject","inLanguage":"gl-ES","@id":"https:\/\/tranviascoruna.com\/gl\/a-lina-11-recupera-o-seu-itinerario-habitual\/#primaryimage","url":"https:\/\/tranviascoruna.com\/wp-content\/uploads\/2026\/04\/LINA-11-2.png","contentUrl":"https:\/\/tranviascoruna.com\/wp-content\/uploads\/2026\/04\/LINA-11-2.png","width":1366,"height":768},{"@type":"BreadcrumbList","@id":"https:\/\/tranviascoruna.com\/gl\/a-lina-11-recupera-o-seu-itinerario-habitual\/#breadcrumb","itemListElement":[{"@type":"ListItem","position":1,"name":"Home","item":"https:\/\/tranviascoruna.com\/"},{"@type":"ListItem","position":2,"name":"A li\u00f1a 11 recupera o seu itinerario habitual"}]},{"@type":"WebSite","@id":"https:\/\/tranviascoruna.com\/#website","url":"https:\/\/tranviascoruna.com\/","name":"Compa\u00f1\u00eda de Tranv\u00edas de La Coru\u00f1a","description":"Compa\u00f1\u00eda de Tranv\u00edas de La Coru\u00f1a","publisher":{"@id":"https:\/\/tranviascoruna.com\/#organization"},"potentialAction":[{"@type":"SearchAction","target":{"@type":"EntryPoint","urlTemplate":"https:\/\/tranviascoruna.com\/?s={search_term_string}"},"query-input":{"@type":"PropertyValueSpecification","valueRequired":true,"valueName":"search_term_string"}}],"inLanguage":"gl-ES"},{"@type":"Organization","@id":"https:\/\/tranviascoruna.com\/#organization","name":"Compa\u00f1\u00eda de Tranv\u00edas de La Coru\u00f1a","url":"https:\/\/tranviascoruna.com\/","logo":{"@type":"ImageObject","inLanguage":"gl-ES","@id":"https:\/\/tranviascoruna.com\/#\/schema\/logo\/image\/","url":"https:\/\/tranviascoruna.com\/wp-content\/uploads\/2021\/12\/Componente-50-\u2013-5.png","contentUrl":"https:\/\/tranviascoruna.com\/wp-content\/uploads\/2021\/12\/Componente-50-\u2013-5.png","width":115,"height":116,"caption":"Compa\u00f1\u00eda de Tranv\u00edas de La Coru\u00f1a"},"image":{"@id":"https:\/\/tranviascoruna.com\/#\/schema\/logo\/image\/"}},{"@type":"Person","@id":"https:\/\/tranviascoruna.com\/#\/schema\/person\/35b8ef8f083e2f067f7e142da0ee1a7c","name":"Isaac Prada","image":{"@type":"ImageObject","inLanguage":"gl-ES","@id":"https:\/\/tranviascoruna.com\/#\/schema\/person\/image\/","url":"https:\/\/secure.gravatar.com\/avatar\/0c199893647a267838f9e6ef53307c229ab304869f6f5f6e98b7e520f6b51369?s=96&d=mm&r=g","contentUrl":"https:\/\/secure.gravatar.com\/avatar\/0c199893647a267838f9e6ef53307c229ab304869f6f5f6e98b7e520f6b51369?s=96&d=mm&r=g","caption":"Isaac Prada"},"url":"https:\/\/tranviascoruna.com\/gl\/author\/iprada2\/"}]}},"_links":{"self":[{"href":"https:\/\/tranviascoruna.com\/gl\/wp-json\/wp\/v2\/posts\/7958","targetHints":{"allow":["GET"]}}],"collection":[{"href":"https:\/\/tranviascoruna.com\/gl\/wp-json\/wp\/v2\/posts"}],"about":[{"href":"https:\/\/tranviascoruna.com\/gl\/wp-json\/wp\/v2\/types\/post"}],"author":[{"embeddable":true,"href":"https:\/\/tranviascoruna.com\/gl\/wp-json\/wp\/v2\/users\/14"}],"replies":[{"embeddable":true,"href":"https:\/\/tranviascoruna.com\/gl\/wp-json\/wp\/v2\/comments?post=7958"}],"version-history":[{"count":4,"href":"https:\/\/tranviascoruna.com\/gl\/wp-json\/wp\/v2\/posts\/7958\/revisions"}],"predecessor-version":[{"id":7963,"href":"https:\/\/tranviascoruna.com\/gl\/wp-json\/wp\/v2\/posts\/7958\/revisions\/7963"}],"wp:featuredmedia":[{"embeddable":true,"href":"https:\/\/tranviascoruna.com\/gl\/wp-json\/wp\/v2\/media\/7968"}],"wp:attachment":[{"href":"https:\/\/tranviascoruna.com\/gl\/wp-json\/wp\/v2\/media?parent=7958"}],"wp:term":[{"taxonomy":"category","embeddable":true,"href":"https:\/\/tranviascoruna.com\/gl\/wp-json\/wp\/v2\/categories?post=7958"},{"taxonomy":"post_tag","embeddable":true,"href":"https:\/\/tranviascoruna.com\/gl\/wp-json\/wp\/v2\/tags?post=7958"}],"curies":[{"name":"wp","href":"https:\/\/api.w.org\/{rel}","templated":true}]}}